{"id":1024,"date":"2024-11-13T19:50:33","date_gmt":"2024-11-13T18:50:33","guid":{"rendered":"https:\/\/www.carlocalfapietra.com\/public\/?p=1024"},"modified":"2024-11-14T12:14:11","modified_gmt":"2024-11-14T11:14:11","slug":"al-cnr-iret-di-porano-la-visita-del-ministro-delluniversita-e-della-ricerca-anna-maria-bernini","status":"publish","type":"post","link":"https:\/\/www.carlocalfapietra.com\/public\/2024\/11\/13\/al-cnr-iret-di-porano-la-visita-del-ministro-delluniversita-e-della-ricerca-anna-maria-bernini\/","title":{"rendered":"Al CNR-IRET di Porano la visita del Ministro dell\u2019Universit\u00e0 e della Ricerca Anna Maria Bernini"},"content":{"rendered":"\n<p>Oggi, mercoled\u00ec 13 novembre, il Ministro dell\u2019Universit\u00e0 e della Ricerca Anna Maria Bernini ha visitato a Porano Villa Paolina, sede storica dell\u2019Istituto di Ricerca sugli Ecosistemi Terrestri del Consiglio Nazionale delle Ricerche (CNR-IRET), insieme alle autorit\u00e0 locali e ai vertici dell\u2019Ente.<\/p>\n\n\n\n<p>Ad accogliere il Ministro, Maria Chiara Carrozza e Giuseppe Colpani, rispettivamente Presidente e Direttore Generale del Cnr; Laura Pernazza, Presidente della Provincia di Terni, e Carlo Calfapietra, Direttore del CNR-IRET.<\/p>\n\n\n\n<figure class=\"wp-block-image size-large\"><img loading=\"lazy\" width=\"1024\" height=\"681\" src=\"https:\/\/www.carlocalfapietra.com\/public\/wp-content\/uploads\/2024\/11\/Bernini1-1024x681.jpg\" alt=\"\" class=\"wp-image-1025\" srcset=\"https:\/\/www.carlocalfapietra.com\/public\/wp-content\/uploads\/2024\/11\/Bernini1-1024x681.jpg 1024w, https:\/\/www.carlocalfapietra.com\/public\/wp-content\/uploads\/2024\/11\/Bernini1-300x200.jpg 300w, https:\/\/www.carlocalfapietra.com\/public\/wp-content\/uploads\/2024\/11\/Bernini1-768x511.jpg 768w, https:\/\/www.carlocalfapietra.com\/public\/wp-content\/uploads\/2024\/11\/Bernini1-600x400.jpg 600w, https:\/\/www.carlocalfapietra.com\/public\/wp-content\/uploads\/2024\/11\/Bernini1.jpg 1200w\" sizes=\"(max-width: 1024px) 100vw, 1024px\" \/><\/figure>\n\n\n\n<p>Dopo una dimostrazione di treeclimbing, nell\u2019ambito della quale i ricercatori hanno enfatizzato l\u2019importanza delle norme di sicurezza durante le missioni che prevedono il campionamento del fogliame pi\u00f9 alto, le personalit\u00e0 presenti hanno assistito a una breve illustrazione del funzionamento di alcune strumentazioni in uso presso il centro di ricerca.<\/p>\n\n\n\n<p><em>\u201cL\u2019Istituto di ricerca sugli ecosistemi terrestri<\/em> \u2013 ha affermato durante la conferenza stampa <strong>Maria Chiara Carrozza<\/strong>, Presidente del CNR \u2013 <em>rappresenta<\/em> <em>un emblema della vitalit\u00e0 scientifica su temi cruciali quali la biodiversit\u00e0 e, al contempo, di valorizzazione e presidio del territorio, arricchito da strette e fruttuose connessioni con il mondo accademico e gli enti locali. Le grandi progettualit\u00e0 che vedono il CNR-IRET direttamente coinvolto richiedono grande capacit\u00e0 di visione per le prospettive future e un forte impegno interdisciplinare per affrontare con la giusta responsabilit\u00e0 le grandi sfide che ci attendono\u201d.<\/em><em><\/em><\/p>\n\n\n\n<p>Il Direttore del CNR-IRET <strong>Carlo Calfapietra<\/strong> ha presentato alcune delle attivit\u00e0 dell\u2019Istituto, ricordando l\u2019impegno nazionale e internazionale nelle Infrastrutture di Ricerca di cui l\u2019ente \u00e8 capofila, come l\u2019Integrated Carbon Observation System (<strong>ICOS<\/strong>), <strong>LifeWatch ERIC<\/strong>, <strong>AnaEE<\/strong> (Analysis and Experimentation on Ecosystems), e il lavoro di coordinamento dell\u2019Italian Integrated Environmental Research Infrastructures System (<strong>ITINERIS<\/strong>).<\/p>\n\n\n\n<figure class=\"wp-block-image size-large\"><img loading=\"lazy\" width=\"1024\" height=\"576\" src=\"https:\/\/www.carlocalfapietra.com\/public\/wp-content\/uploads\/2024\/11\/Bernini3-1024x576.jpg\" alt=\"\" class=\"wp-image-1027\" srcset=\"https:\/\/www.carlocalfapietra.com\/public\/wp-content\/uploads\/2024\/11\/Bernini3-1024x576.jpg 1024w, https:\/\/www.carlocalfapietra.com\/public\/wp-content\/uploads\/2024\/11\/Bernini3-300x169.jpg 300w, https:\/\/www.carlocalfapietra.com\/public\/wp-content\/uploads\/2024\/11\/Bernini3-768x432.jpg 768w, https:\/\/www.carlocalfapietra.com\/public\/wp-content\/uploads\/2024\/11\/Bernini3-1000x563.jpg 1000w, https:\/\/www.carlocalfapietra.com\/public\/wp-content\/uploads\/2024\/11\/Bernini3.jpg 1200w\" sizes=\"(max-width: 1024px) 100vw, 1024px\" \/><\/figure>\n\n\n\n<p>\u201c<em>L\u2019invito di oggi \u00e8 rivolto ai giovani<\/em> \u2013 ha detto <strong>Calfapietra<\/strong> \u2013 <em>ed \u00e8 quello di tenere parte del tempo per svolgere le attivit\u00e0 curiosity driven, che rappresentano un punto importantissimo per la ricerca. Il nostro Istituto porta avanti molteplici progettualit\u00e0, che si onorano della collaborazione con moltissimi enti, ma anche con piccole e medie imprese<\/em>\u201d. \u201c<em>Come CNR<\/em> \u2013 ha aggiunto \u2013 <em>siamo l\u2019ente proponente del Centro Nazionale di Biodiversit\u00e0, un progetto di eccellenza, nonch\u00e9 probabilmente il pi\u00f9 grande progetto mai finanziato sulla biodiversit\u00e0. Le attivit\u00e0 di ricerca in questo settore costituiscono un\u2019opportunit\u00e0 importante per preservare il futuro, non solo degli ecosistemi, ma del benessere umano, anche attraverso le Nature-based Solution<\/em>\u201d.<\/p>\n\n\n\n<p><strong>Chiara Catalano<\/strong>, ricercatrice dell\u2019Istituto, ha presentato il Catalogo Digitale e Tool a supporto della progettazione Nature-based Solution, un prodotto delle attivit\u00e0 in seno al NBFC interspoke 5, 4 e 2, che si occupano di Ecosistemi Terrestri e Marini. <\/p>\n\n\n\n<p>ha presentato il National Biodiversity Future Center e alcuni dei tool di cui si avvale per portare avanti le attivit\u00e0 di ricerca in ambito di biodiversit\u00e0.<\/p>\n\n\n\n<p>Il Direttore Generale del CNR <strong>Giuseppe Colpani<\/strong> \u00e8 invece intervenuto sul tema del progetto di riqualificazione e valorizzazione di Villa Paolina, oggetto di importanti lavori di prossima realizzazione &#8211; finanziati per una cifra di circa 3 milioni di euro \u2013 per la messa in sicurezza degli ambienti.<\/p>\n\n\n\n<p>Anche La Presidente della Provincia di Terni <strong>Laura Pernazza<\/strong> ha enfatizzato la bellezza della sede. \u201c<em>Abbiamo l\u2019obiettivo di valorizzare il centro di ricerca e la location unica di questo centro di ricerca<\/em> \u2013 ha affermato Pernazza \u2013 <em>che rappresenta un unicum nel panorama storico-culturale della regione<\/em>\u201d. \u201c<em>Grazie alla sinergia fra istituzioni e alla scelta della Provincia di Terni di dare al CNR una convenzione di 35 anni <\/em>\u2013 ha sottolineato \u2013 <em>siamo riusciti ad intercettare questi fondi del ministero,&nbsp; a garantire i posti di lavoro e rilanciare un bene che rappresenta un fiore all&#8217;occhiello della Provincia&nbsp;di&nbsp;Terni<\/em>\u201d.<\/p>\n\n\n\n<figure class=\"wp-block-image size-large\"><img loading=\"lazy\" width=\"1024\" height=\"681\" src=\"https:\/\/www.carlocalfapietra.com\/public\/wp-content\/uploads\/2024\/11\/bernini2-1024x681.jpg\" alt=\"\" class=\"wp-image-1026\" srcset=\"https:\/\/www.carlocalfapietra.com\/public\/wp-content\/uploads\/2024\/11\/bernini2-1024x681.jpg 1024w, https:\/\/www.carlocalfapietra.com\/public\/wp-content\/uploads\/2024\/11\/bernini2-300x200.jpg 300w, https:\/\/www.carlocalfapietra.com\/public\/wp-content\/uploads\/2024\/11\/bernini2-768x511.jpg 768w, https:\/\/www.carlocalfapietra.com\/public\/wp-content\/uploads\/2024\/11\/bernini2-600x400.jpg 600w, https:\/\/www.carlocalfapietra.com\/public\/wp-content\/uploads\/2024\/11\/bernini2.jpg 1200w\" sizes=\"(max-width: 1024px) 100vw, 1024px\" \/><\/figure>\n\n\n\n<p>\u201c<em>Grazie a tutti per questa giornata<\/em> \u2013 ha dichiarato il Ministro <strong>Bernini<\/strong> \u2013 <em>noi crediamo molto in questo centro di ricerca, tanto da aver stanziato un finanziamento di circa tre milioni. Il tema sfidante per il futuro \u00e8 quello di valutare e analizzare la sostenibilit\u00e0. Qui si fa la scienza nella bellezza e nella cultura<\/em>\u201d. \u201c<em>Crediamo moltissimo nella ricerca<\/em> \u2013 ha sottolineato \u2013 <em>soprattutto in quella di qualit\u00e0. In questo senso \u00e8 indispensabile portare avanti un dialogo costruttivo tra Universit\u00e0, centri di ricerca, enti e imprese. Dobbiamo lavorare insieme per raggiungere obiettivi condivisi<\/em>\u201d. \u201c<em>La ricerca di base \u00e8 sacra<\/em> \u2013 ha ribadito \u2013 <em>perch\u00e9 \u00e8 fondamentale farsi le domande, quesiti che poi devono trovare risposte anche in applicazioni pratiche, che diventino prototipi e infine prodotti. Ecco perch\u00e9 \u00e8 indispensabile puntare sulla forza del network, anche con le imprese, per essere un sistema competitivo<\/em>\u201d.<\/p>\n","protected":false},"excerpt":{"rendered":"<p>Oggi, mercoled\u00ec 13 novembre, il Ministro dell\u2019Universit\u00e0 e della Ricerca Anna Maria Bernini ha visitato a Porano Villa Paolina, sede storica dell\u2019Istituto di Ricerca sugli Ecosistemi Terrestri del Consiglio Nazionale delle Ricerche (CNR-IRET), insieme alle autorit\u00e0 locali e ai vertici dell\u2019Ente. Ad accogliere il Ministro, Maria Chiara Carrozza e Giuseppe Colpani, rispettivamente Presidente e Direttore Generale del Cnr; Laura Pernazza, Presidente della Provincia di Terni, e Carlo Calfapietra, Direttore del CNR-IRET. Dopo una dimostrazione di treeclimbing, nell\u2019ambito della quale i ricercatori hanno enfatizzato l\u2019importanza delle norme di sicurezza durante le missioni che prevedono il campionamento del fogliame pi\u00f9 alto, le personalit\u00e0 presenti hanno assistito a una breve illustrazione del funzionamento di alcune strumentazioni in uso presso il centro di ricerca. \u201cL\u2019Istituto di ricerca sugli ecosistemi terrestri \u2013 ha affermato durante la conferenza stampa Maria Chiara Carrozza, Presidente del CNR \u2013 rappresenta un emblema della vitalit\u00e0 scientifica su temi cruciali quali la biodiversit\u00e0 e, al contempo, di valorizzazione e presidio del territorio, arricchito da strette e fruttuose connessioni con il mondo accademico e gli enti locali. Le grandi progettualit\u00e0 che vedono il CNR-IRET direttamente coinvolto richiedono grande capacit\u00e0 di visione per le prospettive future e un forte impegno interdisciplinare per affrontare [&hellip;]<\/p>\n","protected":false},"author":6,"featured_media":1028,"comment_status":"closed","ping_status":"open","sticky":false,"template":"","format":"standard","meta":[],"categories":[1],"tags":[],"_links":{"self":[{"href":"https:\/\/www.carlocalfapietra.com\/public\/wp-json\/wp\/v2\/posts\/1024"}],"collection":[{"href":"https:\/\/www.carlocalfapietra.com\/public\/wp-json\/wp\/v2\/posts"}],"about":[{"href":"https:\/\/www.carlocalfapietra.com\/public\/wp-json\/wp\/v2\/types\/post"}],"author":[{"embeddable":true,"href":"https:\/\/www.carlocalfapietra.com\/public\/wp-json\/wp\/v2\/users\/6"}],"replies":[{"embeddable":true,"href":"https:\/\/www.carlocalfapietra.com\/public\/wp-json\/wp\/v2\/comments?post=1024"}],"version-history":[{"count":3,"href":"https:\/\/www.carlocalfapietra.com\/public\/wp-json\/wp\/v2\/posts\/1024\/revisions"}],"predecessor-version":[{"id":1033,"href":"https:\/\/www.carlocalfapietra.com\/public\/wp-json\/wp\/v2\/posts\/1024\/revisions\/1033"}],"wp:featuredmedia":[{"embeddable":true,"href":"https:\/\/www.carlocalfapietra.com\/public\/wp-json\/wp\/v2\/media\/1028"}],"wp:attachment":[{"href":"https:\/\/www.carlocalfapietra.com\/public\/wp-json\/wp\/v2\/media?parent=1024"}],"wp:term":[{"taxonomy":"category","embeddable":true,"href":"https:\/\/www.carlocalfapietra.com\/public\/wp-json\/wp\/v2\/categories?post=1024"},{"taxonomy":"post_tag","embeddable":true,"href":"https:\/\/www.carlocalfapietra.com\/public\/wp-json\/wp\/v2\/tags?post=1024"}],"curies":[{"name":"wp","href":"https:\/\/api.w.org\/{rel}","templated":true}]}}