{"id":943,"date":"2023-11-21T10:40:48","date_gmt":"2023-11-21T09:40:48","guid":{"rendered":"https:\/\/www.carlocalfapietra.com\/public\/?p=943"},"modified":"2023-11-21T10:40:50","modified_gmt":"2023-11-21T09:40:50","slug":"il-cnr-iret-restera-a-villa-paolina-per-altri-35-anni-firmato-laccordo-con-la-provincia","status":"publish","type":"post","link":"https:\/\/www.carlocalfapietra.com\/public\/2023\/11\/21\/il-cnr-iret-restera-a-villa-paolina-per-altri-35-anni-firmato-laccordo-con-la-provincia\/","title":{"rendered":"Il CNR IRET rester\u00e0 a Villa Paolina per altri 35 anni. Firmato l&#8217;accordo con la Provincia"},"content":{"rendered":"\n<figure class=\"wp-block-image size-full\"><img loading=\"lazy\" width=\"600\" height=\"367\" src=\"https:\/\/www.carlocalfapietra.com\/public\/wp-content\/uploads\/2023\/11\/firma_cnr1-.jpg\" alt=\"\" class=\"wp-image-947\" srcset=\"https:\/\/www.carlocalfapietra.com\/public\/wp-content\/uploads\/2023\/11\/firma_cnr1-.jpg 600w, https:\/\/www.carlocalfapietra.com\/public\/wp-content\/uploads\/2023\/11\/firma_cnr1--300x184.jpg 300w\" sizes=\"(max-width: 600px) 100vw, 600px\" \/><figcaption>Fonte: https:\/\/www.orvietonews.it\/politica\/2023\/11\/20\/firmato-il-contratto-con-il-cnr-iret-per-la-sede-di-villa-paolina-105606.html<\/figcaption><\/figure>\n\n\n\n<p>L\u2019Istituto di Ricerca sugli Ecosistemi Terrestri del Consiglio Nazionale delle Ricerche (CNR-IRET) potr\u00e0 mantenere la sede di Villa Paolina per altri 35 anni. \u00c8 quanto sancisce il <strong>nuovo accordo <\/strong>firmato luned\u00ec 20 novembre a Palazzo Bazzani, nella Sala del Consiglio Provinciale, tra la Provincia di Terni, che detiene la propriet\u00e0 dell\u2019edificio storico, e il CNR-IRET.<\/p>\n\n\n\n<p><strong>Laura Pernazza<\/strong>, Presidente della Provincia,<strong> Carlo Calfapietra<\/strong>, Direttore del CNR-IRET e i rispettivi tecnici hanno infatti firmato l\u2019accordo di comodato d&#8217;uso di Villa Paolina, che sar\u00e0 sede principale dell\u2019ente di ricerca per altri 35 anni.<\/p>\n\n\n\n<p>&#8220;<em>Con il rinnovo<\/em> \u2013 ha sostenuto <strong>Pernazza <\/strong>&#8211;&nbsp; <em>fughiamo ogni dubbio circa la presenza del CNR a Porano e nella provincia di Terni. Siamo molto soddisfatti del risultato raggiunto che garantisce continuit\u00e0 dal punto di vista scientifico, culturale ed occupazionale per i circa 50 dipendenti attualmente in forza. Il CNR proseguir\u00e0 la sua attivit\u00e0 ed anzi implementer\u00e0 i suoi rapporti con il territorio e con le scuole non solo dell&#8217;Orvietano ma dell\u2019intera provincia riconfermando quella collaborazione con le istituzioni che non \u00e8 mai mancata in tutti questi anni<\/em>&#8220;.<\/p>\n\n\n\n<p>Sancito proprio nei giorni in cui ricorre il Centenario dell\u2019ente di ricerca, l\u2019accordo rappresenta un importante traguardo per il territorio e la Ricerca. \u201c<em>L\u2019accordo <\/em>\u2013 ha sottolineato <strong>Calfapietra <\/strong>\u2013<em> rinsalda il rapporto tra l\u2019istituto, le istituzioni e il territorio e consente al CNR di proseguire in continuit\u00e0 i suoi studi, fra i quali l\u2019interazione fra biodiversit\u00e0 e cambiamenti climatici. Su questo settore, come su tutti gli altri stiamo lavorando da tempo sia a livello nazionale che internazionale e sar\u00e0 per noi molto importante poter coinvolgere sempre di pi\u00f9 anche il mondo della scuola. Ringrazio la Presidente Pernazza per la grande disponibilit\u00e0 e la massima collaborazione<\/em>&#8220;.<\/p>\n\n\n\n<p>&#8220;<em>Quella del CNR<\/em> \u2013 ha concluso <strong>Marco Conticelli<\/strong>, sindaco di Porano \u2013 <em>\u00e8 una presenza importante. Come Comune condividiamo con l\u2019istituto il complesso di Villa Paolina sul quale c\u2019\u00e8 un progetto che coinvolge la Regione per dare vita ad un centro regionale di ippoterapia, sul quale il supporto tecnico del CNR sar\u00e0 indispensabile&#8221;.<\/em><\/p>\n","protected":false},"excerpt":{"rendered":"<p>L\u2019Istituto di Ricerca sugli Ecosistemi Terrestri del Consiglio Nazionale delle Ricerche (CNR-IRET) potr\u00e0 mantenere la sede di Villa Paolina per altri 35 anni. \u00c8 quanto sancisce il nuovo accordo firmato luned\u00ec 20 novembre a Palazzo Bazzani, nella Sala del Consiglio Provinciale, tra la Provincia di Terni, che detiene la propriet\u00e0 dell\u2019edificio storico, e il CNR-IRET. Laura Pernazza, Presidente della Provincia, Carlo Calfapietra, Direttore del CNR-IRET e i rispettivi tecnici hanno infatti firmato l\u2019accordo di comodato d&#8217;uso di Villa Paolina, che sar\u00e0 sede principale dell\u2019ente di ricerca per altri 35 anni. &#8220;Con il rinnovo \u2013 ha sostenuto Pernazza &#8211;&nbsp; fughiamo ogni dubbio circa la presenza del CNR a Porano e nella provincia di Terni. Siamo molto soddisfatti del risultato raggiunto che garantisce continuit\u00e0 dal punto di vista scientifico, culturale ed occupazionale per i circa 50 dipendenti attualmente in forza. Il CNR proseguir\u00e0 la sua attivit\u00e0 ed anzi implementer\u00e0 i suoi rapporti con il territorio e con le scuole non solo dell&#8217;Orvietano ma dell\u2019intera provincia riconfermando quella collaborazione con le istituzioni che non \u00e8 mai mancata in tutti questi anni&#8220;. Sancito proprio nei giorni in cui ricorre il Centenario dell\u2019ente di ricerca, l\u2019accordo rappresenta un importante traguardo per il territorio e la [&hellip;]<\/p>\n","protected":false},"author":6,"featured_media":947,"comment_status":"closed","ping_status":"open","sticky":false,"template":"","format":"standard","meta":[],"categories":[1],"tags":[],"_links":{"self":[{"href":"https:\/\/www.carlocalfapietra.com\/public\/wp-json\/wp\/v2\/posts\/943"}],"collection":[{"href":"https:\/\/www.carlocalfapietra.com\/public\/wp-json\/wp\/v2\/posts"}],"about":[{"href":"https:\/\/www.carlocalfapietra.com\/public\/wp-json\/wp\/v2\/types\/post"}],"author":[{"embeddable":true,"href":"https:\/\/www.carlocalfapietra.com\/public\/wp-json\/wp\/v2\/users\/6"}],"replies":[{"embeddable":true,"href":"https:\/\/www.carlocalfapietra.com\/public\/wp-json\/wp\/v2\/comments?post=943"}],"version-history":[{"count":5,"href":"https:\/\/www.carlocalfapietra.com\/public\/wp-json\/wp\/v2\/posts\/943\/revisions"}],"predecessor-version":[{"id":951,"href":"https:\/\/www.carlocalfapietra.com\/public\/wp-json\/wp\/v2\/posts\/943\/revisions\/951"}],"wp:featuredmedia":[{"embeddable":true,"href":"https:\/\/www.carlocalfapietra.com\/public\/wp-json\/wp\/v2\/media\/947"}],"wp:attachment":[{"href":"https:\/\/www.carlocalfapietra.com\/public\/wp-json\/wp\/v2\/media?parent=943"}],"wp:term":[{"taxonomy":"category","embeddable":true,"href":"https:\/\/www.carlocalfapietra.com\/public\/wp-json\/wp\/v2\/categories?post=943"},{"taxonomy":"post_tag","embeddable":true,"href":"https:\/\/www.carlocalfapietra.com\/public\/wp-json\/wp\/v2\/tags?post=943"}],"curies":[{"name":"wp","href":"https:\/\/api.w.org\/{rel}","templated":true}]}}